{"id":1012,"date":"2023-08-01T17:16:20","date_gmt":"2023-08-01T16:16:20","guid":{"rendered":"https:\/\/csu-senioren-union-niederbayern.de\/?p=1012"},"modified":"2023-08-01T17:16:21","modified_gmt":"2023-08-01T16:16:21","slug":"21-juli-2023-bericht-des-bezirksvorsitzenden-raimund-fries","status":"publish","type":"post","link":"https:\/\/csu-senioren-union-niederbayern.de\/?p=1012","title":{"rendered":"21. Juli 2023: Bericht des Bezirksvorsitzenden Raimund Fries"},"content":{"rendered":"\n<p><strong>Fries in eigener Sache:<\/strong><\/p>\n\n\n\n<p class=\"has-text-align-center\"><strong>Hohe Auszeichnung f\u00fcr Carmen B\u00f6hm<\/strong><\/p>\n\n\n\n<p>Unsere Homepage wird in vorbildlicher Art und Weise betreut und st\u00e4ndig aktualisiert. Bei den Textbeitr\u00e4gen und Fotodokumentationen steht jeweils \u201evon Carmen\u201c. Dahinter verbirgt sich unsere langj\u00e4hrige Schriftf\u00fchrerin Carmen B\u00f6hm, die unserer Homepage wirklich \u201eGlanz\u201c verleiht, sie lesenswert macht und damit f\u00fcr eine \u00fcberaus positive Au\u00dfenwirkung sorgt. Man merkt, dass die Gestaltung mit viel Herzblut und gro\u00dfem Eifer angegangen wird.<\/p>\n\n\n\n<p>Und so war es angebracht, Carmen B\u00f6hm daf\u00fcr, gewisserma\u00dfen \u201ein eigener Sache\u201c, einmal ausdr\u00fccklich ein besonderes \u201eDANKESCH\u00d6N!\u201c zu sagen. Im Rahmen unserer Bezirksdelegiertenversammlung am 21.7.2023 in Rottersdorf (Landkreis Dingolfing-Landau) durfte ich \u2013 nach einstimmigem Beschluss in der Vorstandschaft \u2013 unsere Schriftf\u00fchrerin f\u00fcr ihr Engagement und ihre au\u00dfergew\u00f6hnlichen Verdienste um die Senioren-Union mit der \u201eGebhard-Gl\u00fcck-Ehrenmedaille in Silber\u201c auszeichnen.<\/p>\n\n\n\n<p>Sehr gerne f\u00fcge ich als SEN-Bezirksvorsitzender, der ihre Arbeit und ihren Einsatz seit vielen Jahren wertsch\u00e4tzt, nochmals hier ausdr\u00fccklich meinen pers\u00f6nlichen Dank und meine Anerkennung hinzu.<\/p>\n\n\n\n<figure class=\"wp-block-gallery has-nested-images columns-default is-cropped wp-block-gallery-1 is-layout-flex wp-block-gallery-is-layout-flex\">\n<figure class=\"wp-block-image size-large\"><img loading=\"lazy\" decoding=\"async\" width=\"1024\" height=\"690\" data-id=\"1015\" src=\"https:\/\/csu-senioren-union-niederbayern.de\/wp-content\/uploads\/2023\/08\/21.07.23-Bezirksversammlung-Rottersdorf-Carmen-Medaille-m.R-1024x690.jpg\" alt=\"\" class=\"wp-image-1015\" srcset=\"https:\/\/csu-senioren-union-niederbayern.de\/wp-content\/uploads\/2023\/08\/21.07.23-Bezirksversammlung-Rottersdorf-Carmen-Medaille-m.R-1024x690.jpg 1024w, https:\/\/csu-senioren-union-niederbayern.de\/wp-content\/uploads\/2023\/08\/21.07.23-Bezirksversammlung-Rottersdorf-Carmen-Medaille-m.R-300x202.jpg 300w, https:\/\/csu-senioren-union-niederbayern.de\/wp-content\/uploads\/2023\/08\/21.07.23-Bezirksversammlung-Rottersdorf-Carmen-Medaille-m.R-768x518.jpg 768w, https:\/\/csu-senioren-union-niederbayern.de\/wp-content\/uploads\/2023\/08\/21.07.23-Bezirksversammlung-Rottersdorf-Carmen-Medaille-m.R-1536x1035.jpg 1536w, https:\/\/csu-senioren-union-niederbayern.de\/wp-content\/uploads\/2023\/08\/21.07.23-Bezirksversammlung-Rottersdorf-Carmen-Medaille-m.R-2048x1380.jpg 2048w, https:\/\/csu-senioren-union-niederbayern.de\/wp-content\/uploads\/2023\/08\/21.07.23-Bezirksversammlung-Rottersdorf-Carmen-Medaille-m.R-scaled.jpg 1280w\" sizes=\"auto, (max-width: 1024px) 100vw, 1024px\" \/><\/figure>\n<\/figure>\n\n\n\n<p class=\"has-text-align-center\"><em><strong>Foto v. l. n. r.: Landrat Werner Bumeder, Bezirksvorsitzender Raimund Fries, Kreisvorsitzende Dingolfing-Landau Carmen B\u00f6hm, Landesvorsitzender Franz Meyer, Bezirksr\u00e4tin Monika Maier, MdL Dr. Petra Loibl<\/strong><\/em><\/p>\n","protected":false},"excerpt":{"rendered":"<p>Fries in eigener Sache: Hohe Auszeichnung f\u00fcr Carmen B\u00f6hm Unsere Homepage wird in vorbildlicher Art und Weise betreut und st\u00e4ndig aktualisiert. Bei den Textbeitr\u00e4gen und Fotodokumentationen steht jeweils \u201evon Carmen\u201c. Dahinter verbirgt sich unsere langj\u00e4hrige Schriftf\u00fchrerin Carmen B\u00f6hm, die unserer Homepage wirklich \u201eGlanz\u201c verleiht, sie lesenswert macht und damit f\u00fcr eine \u00fcberaus positive Au\u00dfenwirkung sorgt. &#8230; <a title=\"21. Juli 2023: Bericht des Bezirksvorsitzenden Raimund Fries\" class=\"read-more\" href=\"https:\/\/csu-senioren-union-niederbayern.de\/?p=1012\" aria-label=\"Mehr Informationen \u00fcber 21. Juli 2023: Bericht des Bezirksvorsitzenden Raimund Fries\">Weiterlesen<\/a><\/p>\n","protected":false},"author":1,"featured_media":0,"comment_status":"closed","ping_status":"closed","sticky":false,"template":"","format":"standard","meta":{"footnotes":""},"categories":[1],"tags":[],"class_list":["post-1012","post","type-post","status-publish","format-standard","hentry","category-csu-senioren-union-niederbayern"],"_links":{"self":[{"href":"https:\/\/csu-senioren-union-niederbayern.de\/index.php?rest_route=\/wp\/v2\/posts\/1012","targetHints":{"allow":["GET"]}}],"collection":[{"href":"https:\/\/csu-senioren-union-niederbayern.de\/index.php?rest_route=\/wp\/v2\/posts"}],"about":[{"href":"https:\/\/csu-senioren-union-niederbayern.de\/index.php?rest_route=\/wp\/v2\/types\/post"}],"author":[{"embeddable":true,"href":"https:\/\/csu-senioren-union-niederbayern.de\/index.php?rest_route=\/wp\/v2\/users\/1"}],"replies":[{"embeddable":true,"href":"https:\/\/csu-senioren-union-niederbayern.de\/index.php?rest_route=%2Fwp%2Fv2%2Fcomments&post=1012"}],"version-history":[{"count":0,"href":"https:\/\/csu-senioren-union-niederbayern.de\/index.php?rest_route=\/wp\/v2\/posts\/1012\/revisions"}],"wp:attachment":[{"href":"https:\/\/csu-senioren-union-niederbayern.de\/index.php?rest_route=%2Fwp%2Fv2%2Fmedia&parent=1012"}],"wp:term":[{"taxonomy":"category","embeddable":true,"href":"https:\/\/csu-senioren-union-niederbayern.de\/index.php?rest_route=%2Fwp%2Fv2%2Fcategories&post=1012"},{"taxonomy":"post_tag","embeddable":true,"href":"https:\/\/csu-senioren-union-niederbayern.de\/index.php?rest_route=%2Fwp%2Fv2%2Ftags&post=1012"}],"curies":[{"name":"wp","href":"https:\/\/api.w.org\/{rel}","templated":true}]}}