{"id":570,"date":"2021-06-27T11:57:27","date_gmt":"2021-06-27T10:57:27","guid":{"rendered":"https:\/\/csu-senioren-union-niederbayern.de\/?p=570"},"modified":"2021-09-19T18:07:36","modified_gmt":"2021-09-19T17:07:36","slug":"31-mai-2021-virtueller-stammtisch-im-gespraech-mit-mdb-alois-rainer","status":"publish","type":"post","link":"https:\/\/csu-senioren-union-niederbayern.de\/?p=570","title":{"rendered":"31. Mai 2021: Virtueller Stammtisch im Gespr\u00e4ch mit MdB Alois Rainer"},"content":{"rendered":"\n<p>Eine gro\u00dfe Bezirksvorstandsrunde nahm am 31. Mai an einem weiteren virtuellen Stammtisch teil. Erfreulicherweise konnte der Bezirksvorsitzende Raimund Fries dazu Herrn MdB Alois Rainer als versierten Gespr\u00e4chspartner begr\u00fc\u00dfen. War das Hauptthema des Abends doch die Problematik rund um die Bahn. Mit steigender Digitalisierung verlieren andere Bereiche, insbesondere Serviceleistungen im Hinblick auf Senioren. <\/p>\n\n\n\n<figure class=\"wp-block-gallery columns-1 wp-block-gallery-1 is-layout-flex wp-block-gallery-is-layout-flex\"><ul class=\"blocks-gallery-grid\"><li class=\"blocks-gallery-item\"><figure><img loading=\"lazy\" decoding=\"async\" width=\"200\" height=\"300\" src=\"https:\/\/csu-senioren-union-niederbayern.de\/wp-content\/uploads\/2021\/06\/rainer_alois_gross-1-200x300.jpg\" alt=\"\" data-id=\"573\" data-full-url=\"https:\/\/csu-senioren-union-niederbayern.de\/wp-content\/uploads\/2021\/06\/rainer_alois_gross-1.jpg\" data-link=\"https:\/\/csu-senioren-union-niederbayern.de\/?attachment_id=573#main\" class=\"wp-image-573\" srcset=\"https:\/\/csu-senioren-union-niederbayern.de\/wp-content\/uploads\/2021\/06\/rainer_alois_gross-1-200x300.jpg 200w, https:\/\/csu-senioren-union-niederbayern.de\/wp-content\/uploads\/2021\/06\/rainer_alois_gross-1.jpg 316w\" sizes=\"auto, (max-width: 200px) 100vw, 200px\" \/><\/figure><\/li><\/ul><\/figure>\n\n\n\n<p>MdB Alois Rainer, der unter anderem als Vorsitzender des Ausschusses f\u00fcr &#8222;Verkehr und digitale Infrastruktur&#8220; fungiert, stellte fest, dass es mehr Digitalisierung geben wird, das Gleichgewicht aber gehalten werden sollte, zum Beispiel auch durch telefonische Kontaktm\u00f6glichkeiten. An Personal d\u00fcrfe nicht gespart werden. Dazu ist auch eine Vorratsplanung n\u00f6tig. Eine Offensive f\u00fcr saubere und barrierefreie Bahnh\u00f6fe und Investitionen sind erfolgt. Diesbez\u00fcglich sprach er auch ein Lob f\u00fcr Verkehrsminister Andras Scheuer aus. Auch die Bahn habe viel Gutes erwirkt. Kleinere Bahnh\u00f6fe sollen saniert werden durch kleines Handwerkerprogramm. So wurde beispielsweise im Bahnhof Straubing der Zugang zur Behindertentoilette gestaltet. Der Transeuropa-Express sei n\u00f6tig. R\u00fccksicht auf Umweltverb\u00e4nde sollte genommen werden. Manche Planungen scheitern jedoch am Widerspruch von Anliegern. Hier ist Rainer ein Verfechter eines verst\u00e4rkten L\u00e4rmschutzes. Dies w\u00fcrde zu mehr Akzeptanz bei den Betroffenen f\u00fchren.<\/p>\n\n\n\n<p>Eine angeregte Diskussion zum Thema Bahn schloss sich den Ausf\u00fchrungen von MdB Alois Rainer an. <\/p>\n\n\n\n<p>Ein weitere Thema waren auftretende Probleme rund um das Fahrradfahren. Rainer erkl\u00e4rte dazu: Das Radfahren nimmt zu und ist deshalb des \u00f6fteren auch mit \u00c4rger verbunden. Konkurrenz entsteht zwischen Auto und Fahrrad. Rowdietum in Fu\u00dfg\u00e4ngerzonen kann nicht hingenommen werden. Ein Bu\u00dfgeldkatalog f\u00fcr Radfahrer wurde erstellt. Radwege sollten so gut als m\u00f6glich ausgebaut werden, zum Beispiel beim landwirtschaftlichen Wegeausbau. Dazu gibt es einen Bundeszuschuss bei Kreisstra\u00dfen bis zu 90 Prozent.  <\/p>\n\n\n\n<p class=\"has-text-align-center\"><strong>Als Fazit zu beiden Themen stellte der Vorsitzende Raimund Fries fest: <\/strong><\/p>\n\n\n\n<p class=\"has-text-align-center\"><strong>&#8222;Ma\u00df und Mitte finden! Auf \u00c4ltere soll R\u00fccksicht genommen werden! Die SEN wird Einfluss nehmen&#8220;. <\/strong><\/p>\n\n\n\n<figure class=\"wp-block-gallery columns-1 is-cropped wp-block-gallery-2 is-layout-flex wp-block-gallery-is-layout-flex\"><ul class=\"blocks-gallery-grid\"><li class=\"blocks-gallery-item\"><figure><img loading=\"lazy\" decoding=\"async\" width=\"1024\" height=\"651\" src=\"https:\/\/csu-senioren-union-niederbayern.de\/wp-content\/uploads\/2021\/06\/Virt.-Stammtisch-31.05.21-m.R.-1024x651.jpg\" alt=\"\" data-id=\"576\" data-full-url=\"https:\/\/csu-senioren-union-niederbayern.de\/wp-content\/uploads\/2021\/06\/Virt.-Stammtisch-31.05.21-m.R.-scaled.jpg\" data-link=\"https:\/\/csu-senioren-union-niederbayern.de\/?attachment_id=576#main\" class=\"wp-image-576\" srcset=\"https:\/\/csu-senioren-union-niederbayern.de\/wp-content\/uploads\/2021\/06\/Virt.-Stammtisch-31.05.21-m.R.-1024x651.jpg 1024w, https:\/\/csu-senioren-union-niederbayern.de\/wp-content\/uploads\/2021\/06\/Virt.-Stammtisch-31.05.21-m.R.-300x191.jpg 300w, https:\/\/csu-senioren-union-niederbayern.de\/wp-content\/uploads\/2021\/06\/Virt.-Stammtisch-31.05.21-m.R.-768x488.jpg 768w, https:\/\/csu-senioren-union-niederbayern.de\/wp-content\/uploads\/2021\/06\/Virt.-Stammtisch-31.05.21-m.R.-1536x977.jpg 1536w, https:\/\/csu-senioren-union-niederbayern.de\/wp-content\/uploads\/2021\/06\/Virt.-Stammtisch-31.05.21-m.R.-2048x1302.jpg 2048w, https:\/\/csu-senioren-union-niederbayern.de\/wp-content\/uploads\/2021\/06\/Virt.-Stammtisch-31.05.21-m.R..jpg 1280w\" sizes=\"auto, (max-width: 1024px) 100vw, 1024px\" \/><figcaption class=\"blocks-gallery-item__caption\">Die Vorstandsrunde im virtuellen Gespr\u00e4ch<\/figcaption><\/figure><\/li><\/ul><\/figure>\n","protected":false},"excerpt":{"rendered":"<p>Eine gro\u00dfe Bezirksvorstandsrunde nahm am 31. Mai an einem weiteren virtuellen Stammtisch teil. Erfreulicherweise konnte der Bezirksvorsitzende Raimund Fries dazu Herrn MdB Alois Rainer als versierten Gespr\u00e4chspartner begr\u00fc\u00dfen. War das Hauptthema des Abends doch die Problematik rund um die Bahn. Mit steigender Digitalisierung verlieren andere Bereiche, insbesondere Serviceleistungen im Hinblick auf Senioren. MdB Alois Rainer, &#8230; <a title=\"31. Mai 2021: Virtueller Stammtisch im Gespr\u00e4ch mit MdB Alois Rainer\" class=\"read-more\" href=\"https:\/\/csu-senioren-union-niederbayern.de\/?p=570\" aria-label=\"Mehr Informationen \u00fcber 31. Mai 2021: Virtueller Stammtisch im Gespr\u00e4ch mit MdB Alois Rainer\">Weiterlesen<\/a><\/p>\n","protected":false},"author":1,"featured_media":0,"comment_status":"closed","ping_status":"closed","sticky":false,"template":"","format":"standard","meta":{"footnotes":""},"categories":[1],"tags":[],"class_list":["post-570","post","type-post","status-publish","format-standard","hentry","category-csu-senioren-union-niederbayern"],"_links":{"self":[{"href":"https:\/\/csu-senioren-union-niederbayern.de\/index.php?rest_route=\/wp\/v2\/posts\/570","targetHints":{"allow":["GET"]}}],"collection":[{"href":"https:\/\/csu-senioren-union-niederbayern.de\/index.php?rest_route=\/wp\/v2\/posts"}],"about":[{"href":"https:\/\/csu-senioren-union-niederbayern.de\/index.php?rest_route=\/wp\/v2\/types\/post"}],"author":[{"embeddable":true,"href":"https:\/\/csu-senioren-union-niederbayern.de\/index.php?rest_route=\/wp\/v2\/users\/1"}],"replies":[{"embeddable":true,"href":"https:\/\/csu-senioren-union-niederbayern.de\/index.php?rest_route=%2Fwp%2Fv2%2Fcomments&post=570"}],"version-history":[{"count":0,"href":"https:\/\/csu-senioren-union-niederbayern.de\/index.php?rest_route=\/wp\/v2\/posts\/570\/revisions"}],"wp:attachment":[{"href":"https:\/\/csu-senioren-union-niederbayern.de\/index.php?rest_route=%2Fwp%2Fv2%2Fmedia&parent=570"}],"wp:term":[{"taxonomy":"category","embeddable":true,"href":"https:\/\/csu-senioren-union-niederbayern.de\/index.php?rest_route=%2Fwp%2Fv2%2Fcategories&post=570"},{"taxonomy":"post_tag","embeddable":true,"href":"https:\/\/csu-senioren-union-niederbayern.de\/index.php?rest_route=%2Fwp%2Fv2%2Ftags&post=570"}],"curies":[{"name":"wp","href":"https:\/\/api.w.org\/{rel}","templated":true}]}}