{"id":727,"date":"2021-12-18T17:03:17","date_gmt":"2021-12-18T16:03:17","guid":{"rendered":"https:\/\/csu-senioren-union-niederbayern.de\/?p=727"},"modified":"2021-12-18T17:03:18","modified_gmt":"2021-12-18T16:03:18","slug":"9-dezember-2021-virtuelle-bezirksvorstandssitzung","status":"publish","type":"post","link":"https:\/\/csu-senioren-union-niederbayern.de\/?p=727","title":{"rendered":"9. Dezember 2021: Virtuelle Bezirksvorstandssitzung"},"content":{"rendered":"\n<figure class=\"wp-block-gallery columns-1 is-cropped wp-block-gallery-1 is-layout-flex wp-block-gallery-is-layout-flex\"><ul class=\"blocks-gallery-grid\"><li class=\"blocks-gallery-item\"><figure><img loading=\"lazy\" decoding=\"async\" width=\"1024\" height=\"587\" src=\"https:\/\/csu-senioren-union-niederbayern.de\/wp-content\/uploads\/2021\/12\/VoSi-09.12.21-a-m.R.-1024x587.jpg\" alt=\"\" data-id=\"728\" data-full-url=\"https:\/\/csu-senioren-union-niederbayern.de\/wp-content\/uploads\/2021\/12\/VoSi-09.12.21-a-m.R.-scaled.jpg\" data-link=\"https:\/\/csu-senioren-union-niederbayern.de\/?attachment_id=728#main\" class=\"wp-image-728\" srcset=\"https:\/\/csu-senioren-union-niederbayern.de\/wp-content\/uploads\/2021\/12\/VoSi-09.12.21-a-m.R.-1024x587.jpg 1024w, https:\/\/csu-senioren-union-niederbayern.de\/wp-content\/uploads\/2021\/12\/VoSi-09.12.21-a-m.R.-300x172.jpg 300w, https:\/\/csu-senioren-union-niederbayern.de\/wp-content\/uploads\/2021\/12\/VoSi-09.12.21-a-m.R.-768x440.jpg 768w, https:\/\/csu-senioren-union-niederbayern.de\/wp-content\/uploads\/2021\/12\/VoSi-09.12.21-a-m.R.-1536x880.jpg 1536w, https:\/\/csu-senioren-union-niederbayern.de\/wp-content\/uploads\/2021\/12\/VoSi-09.12.21-a-m.R.-2048x1173.jpg 2048w, https:\/\/csu-senioren-union-niederbayern.de\/wp-content\/uploads\/2021\/12\/VoSi-09.12.21-a-m.R..jpg 1280w\" sizes=\"auto, (max-width: 1024px) 100vw, 1024px\" \/><\/figure><\/li><\/ul><\/figure>\n\n\n\n<p>Aufgrund der Coronabestimmungen konnte die vorgesehene Bezirksvorstandssitzung nicht in Pr\u00e4senzform abgehalten werden. <\/p>\n\n\n\n<p>Per Videokonferenz erfolgte ein reger Gedankenaustausch. <\/p>\n\n\n\n<p>Der teilnehmende SEN-Landesvorsitzende Franz Meyer f\u00fchrte aus, dass das Seniorenmitwirkungsgesetz dem Landtag vorl\u00e4ge und bei der Landesvorstandssitzung im Beisein von Ministerpr\u00e4sidenten Markus S\u00f6der zur Sprache gebracht werde. Ein wichtiger Baustein zur Ber\u00fccksichtigung der Themen der \u00e4lteren Generation.    <\/p>\n","protected":false},"excerpt":{"rendered":"<p>Aufgrund der Coronabestimmungen konnte die vorgesehene Bezirksvorstandssitzung nicht in Pr\u00e4senzform abgehalten werden. Per Videokonferenz erfolgte ein reger Gedankenaustausch. Der teilnehmende SEN-Landesvorsitzende Franz Meyer f\u00fchrte aus, dass das Seniorenmitwirkungsgesetz dem Landtag vorl\u00e4ge und bei der Landesvorstandssitzung im Beisein von Ministerpr\u00e4sidenten Markus S\u00f6der zur Sprache gebracht werde. Ein wichtiger Baustein zur Ber\u00fccksichtigung der Themen der \u00e4lteren Generation.<\/p>\n","protected":false},"author":1,"featured_media":0,"comment_status":"closed","ping_status":"closed","sticky":false,"template":"","format":"standard","meta":{"footnotes":""},"categories":[1],"tags":[],"class_list":["post-727","post","type-post","status-publish","format-standard","hentry","category-csu-senioren-union-niederbayern"],"_links":{"self":[{"href":"https:\/\/csu-senioren-union-niederbayern.de\/index.php?rest_route=\/wp\/v2\/posts\/727","targetHints":{"allow":["GET"]}}],"collection":[{"href":"https:\/\/csu-senioren-union-niederbayern.de\/index.php?rest_route=\/wp\/v2\/posts"}],"about":[{"href":"https:\/\/csu-senioren-union-niederbayern.de\/index.php?rest_route=\/wp\/v2\/types\/post"}],"author":[{"embeddable":true,"href":"https:\/\/csu-senioren-union-niederbayern.de\/index.php?rest_route=\/wp\/v2\/users\/1"}],"replies":[{"embeddable":true,"href":"https:\/\/csu-senioren-union-niederbayern.de\/index.php?rest_route=%2Fwp%2Fv2%2Fcomments&post=727"}],"version-history":[{"count":0,"href":"https:\/\/csu-senioren-union-niederbayern.de\/index.php?rest_route=\/wp\/v2\/posts\/727\/revisions"}],"wp:attachment":[{"href":"https:\/\/csu-senioren-union-niederbayern.de\/index.php?rest_route=%2Fwp%2Fv2%2Fmedia&parent=727"}],"wp:term":[{"taxonomy":"category","embeddable":true,"href":"https:\/\/csu-senioren-union-niederbayern.de\/index.php?rest_route=%2Fwp%2Fv2%2Fcategories&post=727"},{"taxonomy":"post_tag","embeddable":true,"href":"https:\/\/csu-senioren-union-niederbayern.de\/index.php?rest_route=%2Fwp%2Fv2%2Ftags&post=727"}],"curies":[{"name":"wp","href":"https:\/\/api.w.org\/{rel}","templated":true}]}}